{"id":19143,"date":"2025-01-13T11:52:58","date_gmt":"2025-01-13T10:52:58","guid":{"rendered":"https:\/\/www.madeingenesi.it\/v3\/?p=19143"},"modified":"2025-01-13T11:54:52","modified_gmt":"2025-01-13T10:54:52","slug":"un-2025-allinsegna-della-decarbonizzazione","status":"publish","type":"post","link":"https:\/\/www.madeingenesi.it\/v3\/un-2025-allinsegna-della-decarbonizzazione\/","title":{"rendered":"Un 2025 all\u2019insegna della decarbonizzazione"},"content":{"rendered":"\n<h3 class=\"wp-block-heading has-text-color\" style=\"color:#e64937\"><strong><strong><strong><strong>Made in Genesi al fianco di PA e aziende per la sostenibilit\u00e0<\/strong><\/strong><\/strong><\/strong><\/h3>\n\n\n\n<p class=\"wp-block-paragraph\"><br>Con l&#8217;inizio del nuovo anno, ci confermiamo come partner strategici per pubbliche amministrazioni, aziende e associazioni nella comunicazione di iniziative di importanza pubblica anche legate alla sostenibilit\u00e0. Questo mese, vogliamo mettere in evidenza l\u2019importanza del GNL (Gas Naturale Liquefatto) e del BioGNL per la decarbonizzazione del trasporto marittimo e terrestre.<\/p>\n\n\n\n<figure class=\"wp-block-gallery aligncenter has-nested-images columns-default is-cropped wp-block-gallery-1 is-layout-flex wp-block-gallery-is-layout-flex\">\n<figure class=\"wp-block-image size-full\"><img fetchpriority=\"high\" decoding=\"async\" width=\"1024\" height=\"479\" data-id=\"19144\" src=\"https:\/\/www.madeingenesi.it\/v3\/wp-content\/uploads\/2025\/01\/Newsleter_01Gennaio.jpg\" alt=\"\" class=\"wp-image-19144\" srcset=\"https:\/\/www.madeingenesi.it\/v3\/wp-content\/uploads\/2025\/01\/Newsleter_01Gennaio.jpg 1024w, https:\/\/www.madeingenesi.it\/v3\/wp-content\/uploads\/2025\/01\/Newsleter_01Gennaio-300x140.jpg 300w, https:\/\/www.madeingenesi.it\/v3\/wp-content\/uploads\/2025\/01\/Newsleter_01Gennaio-768x359.jpg 768w\" sizes=\"(max-width: 1024px) 100vw, 1024px\" \/><\/figure>\n<\/figure>\n\n\n\n<h3 class=\"wp-block-heading has-text-color\" style=\"color:#e64937\"><strong>Il convegno Assocostieri<\/strong><\/h3>\n\n\n\n<p class=\"wp-block-paragraph\">L\u2019occasione per approfondire questo tema sar\u00e0 il convegno organizzato da Assocostieri, che si terr\u00e0 mercoled\u00ec 29 gennaio 2025, alle ore 10, presso il Senato della Repubblica nella Sala Zuccari del Palazzo Giustiniani di Roma. L\u2019evento sar\u00e0 un momento di dialogo tra governo, istituzioni e aziende per affrontare questioni di alta rilevanza in termini di sviluppo della logistica, in ottica della transizione energetica.<\/p>\n\n\n\n<p class=\"wp-block-paragraph\">Tra i temi centrali del convegno:<\/p>\n\n\n\n<ul class=\"wp-block-list\">\n<li>L\u2019impiego del GNL e del BioGNL per decarbonizzare il trasporto pesante e marittimo<\/li>\n\n\n\n<li>Presentazione dei dati nazionali ed europei sul settore trasporti<\/li>\n\n\n\n<li>Focus sulla sostenibilit\u00e0 ambientale.<\/li>\n<\/ul>\n\n\n\n<figure class=\"wp-block-gallery has-nested-images columns-default is-cropped wp-block-gallery-2 is-layout-flex wp-block-gallery-is-layout-flex\">\n<figure class=\"wp-block-image alignfull size-full\"><img decoding=\"async\" width=\"1920\" height=\"1080\" data-id=\"19147\" src=\"https:\/\/www.madeingenesi.it\/v3\/wp-content\/uploads\/2025\/01\/GNL_Carburante-1.png\" alt=\"\" class=\"wp-image-19147\" srcset=\"https:\/\/www.madeingenesi.it\/v3\/wp-content\/uploads\/2025\/01\/GNL_Carburante-1.png 1920w, https:\/\/www.madeingenesi.it\/v3\/wp-content\/uploads\/2025\/01\/GNL_Carburante-1-300x169.png 300w, https:\/\/www.madeingenesi.it\/v3\/wp-content\/uploads\/2025\/01\/GNL_Carburante-1-1024x576.png 1024w, https:\/\/www.madeingenesi.it\/v3\/wp-content\/uploads\/2025\/01\/GNL_Carburante-1-768x432.png 768w, https:\/\/www.madeingenesi.it\/v3\/wp-content\/uploads\/2025\/01\/GNL_Carburante-1-1536x864.png 1536w\" sizes=\"(max-width: 1920px) 100vw, 1920px\" \/><\/figure>\n<\/figure>\n\n\n\n<h3 class=\"wp-block-heading has-text-color\" style=\"color:#e64937\">Sono stati invitati a prendere parte alla conferenza:<\/h3>\n\n\n\n<p class=\"wp-block-paragraph\"><strong>Enrico Maria Pujia<\/strong>,<em>&nbsp;Capo del Dipartimento per le Infrastrutture e le Reti di Trasporto del MIT<\/em><\/p>\n\n\n\n<p class=\"wp-block-paragraph\"><strong>Matteo Salvini<\/strong>,&nbsp;<em>Ministro delle Infrastrutture e dei Trasporti<\/em><\/p>\n\n\n\n<p class=\"wp-block-paragraph\"><strong>Gilberto Pichetto-Fratin<\/strong>,&nbsp;<em>Ministro dell\u2019Ambiente e della Sicurezza Energetica<\/em><\/p>\n\n\n\n<p class=\"wp-block-paragraph\"><strong>Salvatore Deidda<\/strong>,&nbsp;<em>Presidente della IX Commissione Trasporti, Poste e Telecomunicazioni<\/em><\/p>\n\n\n\n<p class=\"wp-block-paragraph\"><strong>Paola De Micheli<\/strong>,&nbsp;<em>Vicepresidente della X Commissione Attivit\u00e0 Produttive<\/em><\/p>\n\n\n\n<p class=\"wp-block-paragraph\"><strong>Luca Squeri<\/strong>,&nbsp;<em>Segretario della X Commissione Attivit\u00e0 Produttive<\/em><\/p>\n\n\n\n<figure class=\"wp-block-gallery has-nested-images columns-default is-cropped wp-block-gallery-3 is-layout-flex wp-block-gallery-is-layout-flex\">\n<figure class=\"wp-block-image size-full\"><img decoding=\"async\" width=\"1024\" height=\"683\" data-id=\"19148\" src=\"https:\/\/www.madeingenesi.it\/v3\/wp-content\/uploads\/2025\/01\/Newsletter_01Gennaio_02.jpg\" alt=\"\" class=\"wp-image-19148\" srcset=\"https:\/\/www.madeingenesi.it\/v3\/wp-content\/uploads\/2025\/01\/Newsletter_01Gennaio_02.jpg 1024w, https:\/\/www.madeingenesi.it\/v3\/wp-content\/uploads\/2025\/01\/Newsletter_01Gennaio_02-300x200.jpg 300w, https:\/\/www.madeingenesi.it\/v3\/wp-content\/uploads\/2025\/01\/Newsletter_01Gennaio_02-768x512.jpg 768w\" sizes=\"(max-width: 1024px) 100vw, 1024px\" \/><\/figure>\n<\/figure>\n\n\n\n<h2 class=\"wp-block-heading\"><strong>Perch\u00e9 partecipare?<\/strong><\/h2>\n\n\n\n<p class=\"wp-block-paragraph\">Questo appuntamento rappresenta un\u2019importante occasione per comprendere le nuove prospettive del settore trasporti e per confrontarsi sul ruolo cruciale del GNL e del BioGNL nella transizione energetica verso un futuro pi\u00f9 sostenibile.<\/p>\n\n\n\n<p class=\"wp-block-paragraph\">Vi aspettiamo.<\/p>\n\n\n\n<div class=\"wp-block-buttons is-layout-flex wp-block-buttons-is-layout-flex\">\n<div class=\"wp-block-button\"><a class=\"wp-block-button__link wp-element-button\">Per partecipare clicca qui<\/a><\/div>\n<\/div>\n\n\n\n<div class=\"wp-block-columns is-layout-flex wp-container-core-columns-is-layout-7387b849 wp-block-columns-is-layout-flex\">\n<div class=\"wp-block-column is-layout-flow wp-block-column-is-layout-flow\">\n<div class=\"wp-block-buttons alignwide is-content-justification-center is-layout-flex wp-container-core-buttons-is-layout-3e41869c wp-block-buttons-is-layout-flex\"><\/div>\n<\/div>\n\n\n\n<div class=\"wp-block-column is-layout-flow wp-block-column-is-layout-flow\">\n<div class=\"wp-block-buttons is-content-justification-center is-layout-flex wp-container-core-buttons-is-layout-3e41869c wp-block-buttons-is-layout-flex\"><\/div>\n<\/div>\n<\/div>\n\n\n\n<hr class=\"wp-block-separator has-alpha-channel-opacity\"\/>\n\n\n\n<p class=\"has-text-align-left has-medium-font-size wp-block-paragraph\"><strong>Seguici sui nostri social<\/strong> <strong>per saperne di pi\u00f9 sul progetto<\/strong> <\/p>\n","protected":false},"excerpt":{"rendered":"<p>Con l&#8217;inizio del nuovo anno, ci confermiamo come partner strategici per pubbliche amministrazioni, aziende e associazioni nella comunicazione di iniziative di importanza pubblica anche legate alla sostenibilit\u00e0. Questo mese, vogliamo mettere in evidenza l\u2019importanza del GNL (Gas Naturale Liquefatto) e del BioGNL per la decarbonizzazione del trasporto marittimo e terrestre.<\/p>\n","protected":false},"author":3,"featured_media":19149,"comment_status":"open","ping_status":"open","sticky":false,"template":"","format":"standard","meta":{"_acf_changed":false,"footnotes":""},"categories":[21],"tags":[],"class_list":["post-19143","post","type-post","status-publish","format-standard","has-post-thumbnail","hentry","category-news"],"acf":[],"_links":{"self":[{"href":"https:\/\/www.madeingenesi.it\/v3\/wp-json\/wp\/v2\/posts\/19143","targetHints":{"allow":["GET"]}}],"collection":[{"href":"https:\/\/www.madeingenesi.it\/v3\/wp-json\/wp\/v2\/posts"}],"about":[{"href":"https:\/\/www.madeingenesi.it\/v3\/wp-json\/wp\/v2\/types\/post"}],"author":[{"embeddable":true,"href":"https:\/\/www.madeingenesi.it\/v3\/wp-json\/wp\/v2\/users\/3"}],"replies":[{"embeddable":true,"href":"https:\/\/www.madeingenesi.it\/v3\/wp-json\/wp\/v2\/comments?post=19143"}],"version-history":[{"count":2,"href":"https:\/\/www.madeingenesi.it\/v3\/wp-json\/wp\/v2\/posts\/19143\/revisions"}],"predecessor-version":[{"id":19151,"href":"https:\/\/www.madeingenesi.it\/v3\/wp-json\/wp\/v2\/posts\/19143\/revisions\/19151"}],"wp:featuredmedia":[{"embeddable":true,"href":"https:\/\/www.madeingenesi.it\/v3\/wp-json\/wp\/v2\/media\/19149"}],"wp:attachment":[{"href":"https:\/\/www.madeingenesi.it\/v3\/wp-json\/wp\/v2\/media?parent=19143"}],"wp:term":[{"taxonomy":"category","embeddable":true,"href":"https:\/\/www.madeingenesi.it\/v3\/wp-json\/wp\/v2\/categories?post=19143"},{"taxonomy":"post_tag","embeddable":true,"href":"https:\/\/www.madeingenesi.it\/v3\/wp-json\/wp\/v2\/tags?post=19143"}],"curies":[{"name":"wp","href":"https:\/\/api.w.org\/{rel}","templated":true}]}}